{"id":2402,"date":"2023-05-17T13:14:06","date_gmt":"2023-05-17T13:14:06","guid":{"rendered":"https:\/\/girasonhos.org.br\/site\/?p=2402"},"modified":"2023-05-17T13:14:36","modified_gmt":"2023-05-17T13:14:36","slug":"organizacoes-estiveram-em-reuniao-na-camara-municipal-com-os-vereadores","status":"publish","type":"post","link":"https:\/\/girasonhos.org.br\/site\/organizacoes-estiveram-em-reuniao-na-camara-municipal-com-os-vereadores\/","title":{"rendered":"ORGANIZA\u00c7\u00d5ES ESTIVERAM EM REUNI\u00c3O NA C\u00c2MARA MUNICIPAL COM OS VEREADORES"},"content":{"rendered":"<p>Na \u00faltima segunda-feira (15) estivemos na C\u00e2mara Municipal, onde nos foi informado da decis\u00e3o tomada em rela\u00e7\u00e3o as Emendas Impositivas atrav\u00e9s dos 13 vereadores de S\u00e3o Manuel em conjunto para beneficiar as Organiza\u00e7\u00f5es da cidade.<\/p>\n<p>Expressamos a nossa gratid\u00e3o aos vereadores, que com esse gesto nos impulsiona ainda mais a trazer melhorias no servi\u00e7o prestado ao p\u00fablico atendido.<\/p>\n<p>Agradecemos imensamente aos:<\/p>\n<p><a href=\"https:\/\/www.camarasaomanuel.sp.gov.br\/Vereador\/Listar\/34\">Andr\u00e9 Ricardo Moscatelli<\/a>; <a href=\"https:\/\/www.camarasaomanuel.sp.gov.br\/Vereador\/Listar\/4\">Ant\u00f4nio Beneti J\u00fanior<\/a>; <a href=\"https:\/\/www.camarasaomanuel.sp.gov.br\/Vereador\/Listar\/35\">Charles Alessandro Ribeiro<\/a>; <a href=\"https:\/\/www.camarasaomanuel.sp.gov.br\/Vereador\/Listar\/10\">Dr. Omar Mattielli de Carvalho<\/a>; <a href=\"https:\/\/www.camarasaomanuel.sp.gov.br\/Vereador\/Listar\/40\">Hionita Verniano Peres Cequinatto<\/a>; <a href=\"https:\/\/www.camarasaomanuel.sp.gov.br\/Vereador\/Listar\/33\">Jac\u00f3 Ferreira dos Santos<\/a>; <a href=\"https:\/\/www.camarasaomanuel.sp.gov.br\/Vereador\/Listar\/32\">Jo\u00e3o Paulo Piovan<\/a>; <a href=\"https:\/\/www.camarasaomanuel.sp.gov.br\/Vereador\/Listar\/31\">Kleber Henrique Benvindo Alves Barbosa<\/a>; <a href=\"https:\/\/www.camarasaomanuel.sp.gov.br\/Vereador\/Listar\/26\">Paulo Roberto Zapparoli<\/a>; <a href=\"https:\/\/www.camarasaomanuel.sp.gov.br\/Vereador\/Listar\/38\">Pedro Luiz Biandan<\/a>; <a href=\"https:\/\/www.camarasaomanuel.sp.gov.br\/Vereador\/Listar\/36\">Prof. Ailton Leite dos Santos<\/a>; <a href=\"https:\/\/www.camarasaomanuel.sp.gov.br\/Vereador\/Listar\/39\">Ricardo Antonio de Sousa<\/a>; <a href=\"https:\/\/www.camarasaomanuel.sp.gov.br\/Vereador\/Listar\/43\">Rubens Jos\u00e9 da Silva<\/a>.<\/p>\n<p>&nbsp;<\/p>\n<div class=\"et_pb_slider et_pb_slider_fullwidth_off et_pb_gallery_post_type\">\n\t\t\t\t<div class=\"et_pb_slides\">\n\t\t\t\t\t<div class=\"et_pb_slide\" style=\"background: url(https:\/\/girasonhos.org.br\/site\/wp-content\/uploads\/2023\/05\/WhatsApp-Image-2023-05-17-at-09.22.09.jpeg);\"><\/div>\n\t\t\t\t<\/div>\n\t\t\t<\/div>\n","protected":false},"excerpt":{"rendered":"<p>Na \u00faltima segunda-feira (15) estivemos na C\u00e2mara Municipal, onde nos foi informado da decis\u00e3o tomada em rela\u00e7\u00e3o as Emendas Impositivas atrav\u00e9s dos 13 vereadores de S\u00e3o Manuel em conjunto para beneficiar as Organiza\u00e7\u00f5es da cidade. Expressamos a nossa gratid\u00e3o aos vereadores, que com esse gesto nos impulsiona ainda mais a trazer melhorias no servi\u00e7o prestado [&hellip;]<\/p>\n","protected":false},"author":3,"featured_media":2403,"comment_status":"open","ping_status":"open","sticky":false,"template":"","format":"standard","meta":[],"categories":[1,9],"tags":[],"_links":{"self":[{"href":"https:\/\/girasonhos.org.br\/site\/wp-json\/wp\/v2\/posts\/2402"}],"collection":[{"href":"https:\/\/girasonhos.org.br\/site\/wp-json\/wp\/v2\/posts"}],"about":[{"href":"https:\/\/girasonhos.org.br\/site\/wp-json\/wp\/v2\/types\/post"}],"author":[{"embeddable":true,"href":"https:\/\/girasonhos.org.br\/site\/wp-json\/wp\/v2\/users\/3"}],"replies":[{"embeddable":true,"href":"https:\/\/girasonhos.org.br\/site\/wp-json\/wp\/v2\/comments?post=2402"}],"version-history":[{"count":1,"href":"https:\/\/girasonhos.org.br\/site\/wp-json\/wp\/v2\/posts\/2402\/revisions"}],"predecessor-version":[{"id":2404,"href":"https:\/\/girasonhos.org.br\/site\/wp-json\/wp\/v2\/posts\/2402\/revisions\/2404"}],"wp:featuredmedia":[{"embeddable":true,"href":"https:\/\/girasonhos.org.br\/site\/wp-json\/wp\/v2\/media\/2403"}],"wp:attachment":[{"href":"https:\/\/girasonhos.org.br\/site\/wp-json\/wp\/v2\/media?parent=2402"}],"wp:term":[{"taxonomy":"category","embeddable":true,"href":"https:\/\/girasonhos.org.br\/site\/wp-json\/wp\/v2\/categories?post=2402"},{"taxonomy":"post_tag","embeddable":true,"href":"https:\/\/girasonhos.org.br\/site\/wp-json\/wp\/v2\/tags?post=2402"}],"curies":[{"name":"wp","href":"https:\/\/api.w.org\/{rel}","templated":true}]}}